{"id":1145,"date":"2025-06-26T08:16:15","date_gmt":"2025-06-26T08:16:15","guid":{"rendered":"https:\/\/laporketaserrallo.com\/?p=1145"},"modified":"2025-06-26T08:16:20","modified_gmt":"2025-06-26T08:16:20","slug":"eventos-gastronomicos-tarragona","status":"publish","type":"post","link":"https:\/\/laporketaserrallo.com\/ca\/eventos-gastronomicos-tarragona\/","title":{"rendered":"Eventos Gastron\u00f3micos en Tarragona: Celebrando la Cultura del Arroz Mediterr\u00e1neo"},"content":{"rendered":"<h2 class=\"wp-block-heading\">Tarragona, destino imprescindible para los amantes del arroz<\/h2>\n\n\n\n<div class=\"wp-block-group is-nowrap is-layout-flex wp-container-core-group-is-layout-ad2f72ca wp-block-group-is-layout-flex\">\n<p>Tarragona, con su historia milenaria, su costa luminosa y su coraz\u00f3n mediterr\u00e1neo, se ha convertido en uno de los destinos gastron\u00f3micos m\u00e1s destacados de Catalu\u00f1a. En esta tierra donde el mar se mezcla con la cultura, los <em>eventos gastron\u00f3micos dedicados al arroz<\/em> tienen un papel protagonista. Durante todo el a\u00f1o, se celebran en la ciudad distintas jornadas, ferias y semanas tem\u00e1ticas donde el arroz se erige como el hilo conductor de una propuesta culinaria que celebra lo local, lo aut\u00e9ntico y lo sabroso.<\/p>\n<\/div>\n\n\n\n<figure class=\"wp-block-image size-large\"><img loading=\"lazy\" decoding=\"async\" width=\"1024\" height=\"762\" src=\"https:\/\/laporketaserrallo.com\/wp-content\/uploads\/2025\/06\/acueducto-romano-en-tarragona-1-scaled-e1750925618454-1024x762.jpg\" alt=\"eventos gastron\u00f3micos en Tarragona\" class=\"wp-image-1149\" srcset=\"https:\/\/laporketaserrallo.com\/wp-content\/uploads\/2025\/06\/acueducto-romano-en-tarragona-1-scaled-e1750925618454-980x551.jpg 980w, https:\/\/laporketaserrallo.com\/wp-content\/uploads\/2025\/06\/acueducto-romano-en-tarragona-1-scaled-e1750925618454-480x270.jpg 480w\" sizes=\"(min-width: 0px) and (max-width: 480px) 480px, (min-width: 481px) and (max-width: 980px) 980px, (min-width: 981px) 1024px, 100vw\" \/><figcaption class=\"wp-element-caption\">Acueducto Romano les Ferreres en Tarragona<\/figcaption><\/figure>\n\n\n\n<h2 class=\"wp-block-heading\">Las Jornadas del Arroz en El Serrallo: una cita con el sabor<\/h2>\n\n\n\n<h3 class=\"wp-block-heading\">Un barrio marinero con coraz\u00f3n culinario<\/h3>\n\n\n\n<p>El Serrallo, el barrio pescador de Tarragona, no solo es famoso por sus vistas al mar y su ambiente marinero, sino por ser el epicentro de muchos eventos dedicados al arroz. Durante las <em>Jornadas del Arroz en El Serrallo<\/em>, restaurantes como <a href=\"https:\/\/laporketaserrallo.com\/ca\/\">La Porketa del Serrallo<\/a> presentan men\u00fas especiales que rinden homenaje a este ingrediente esencial de la dieta mediterr\u00e1nea.<\/p>\n\n\n\n<h3 class=\"wp-block-heading\">Men\u00fas tem\u00e1ticos y arroces para todos los gustos<\/h3>\n\n\n\n<div class=\"wp-block-group is-nowrap is-layout-flex wp-container-core-group-is-layout-ad2f72ca wp-block-group-is-layout-flex\">\n<p>Desde el cl\u00e1sico arroz a banda hasta arroces m\u00e1s creativos como el <em>arroz de morcilla con pulpo<\/em>, los visitantes pueden degustar una gran variedad de recetas durante estas jornadas. Muchos locales ofrecen men\u00fas cerrados a precios especiales, ideales tanto para familias como para foodies exigentes. En <a href=\"https:\/\/laporketaserrallo.com\/ca\/\">La Porketa del Serrallo<\/a>, por ejemplo, el men\u00fa de mediod\u00eda incluye entrante, el arroz que desees de la carta y postre casero, todo frente al puerto.<\/p>\n<\/div>\n\n\n\n<h2 class=\"wp-block-heading\">Sabores del Puerto: un festival que une gastronom\u00eda y territorio<\/h2>\n\n\n\n<p>Este evento, celebrado en primavera, re\u00fane a productores, restaurantes y amantes de la cocina en una propuesta que conecta el producto local con la creatividad de los chefs. Las actividades incluyen showcookings, catas de vinos y men\u00fas degustaci\u00f3n con el arroz como protagonista. Es una excelente oportunidad para descubrir la riqueza del producto local, como los pescados de lonja, el aceite DO Siurana y el vino DO Tarragona.<\/p>\n\n\n\n<ul class=\"wp-block-list\">\n<li>Para m\u00e1s informaci\u00f3n sobre los productos locales con denominaci\u00f3n de origen, puedes visitar el sitio de <a href=\"https:\/\/prodeca.cat\/\" target=\"_blank\" rel=\"noopener\">Prodeca<\/a>, la empresa p\u00fablica de promoci\u00f3n alimentaria de la Generalitat de Catalunya.<\/li>\n<\/ul>\n\n\n\n<figure class=\"wp-block-image size-large is-resized\"><img loading=\"lazy\" decoding=\"async\" width=\"1024\" height=\"715\" src=\"https:\/\/laporketaserrallo.com\/wp-content\/uploads\/2025\/06\/WhatsApp-Image-2025-06-26-at-09.38.40-scaled-e1750923555872-1024x715.jpeg\" alt=\"eventos gastron\u00f3micos en Tarragona\" class=\"wp-image-1147\" style=\"width:663px;height:auto\" srcset=\"https:\/\/laporketaserrallo.com\/wp-content\/uploads\/2025\/06\/WhatsApp-Image-2025-06-26-at-09.38.40-scaled-e1750923555872-980x551.jpeg 980w, https:\/\/laporketaserrallo.com\/wp-content\/uploads\/2025\/06\/WhatsApp-Image-2025-06-26-at-09.38.40-scaled-e1750923555872-480x270.jpeg 480w\" sizes=\"(min-width: 0px) and (max-width: 480px) 480px, (min-width: 481px) and (max-width: 980px) 980px, (min-width: 981px) 1024px, 100vw\" \/><\/figure>\n\n\n\n<h2 class=\"wp-block-heading\">Turismo culinario: disfrutar Tarragona con cuchara y tenedor<\/h2>\n\n\n\n<div class=\"wp-block-group is-nowrap is-layout-flex wp-container-core-group-is-layout-ad2f72ca wp-block-group-is-layout-flex\">\n<p>Tarragona ofrece mucho m\u00e1s que patrimonio hist\u00f3rico. El turismo gastron\u00f3mico es uno de sus grandes atractivos, y el arroz es uno de los platos m\u00e1s valorados por los viajeros. Despu\u00e9s de recorrer el Anfiteatro, el Balc\u00f3n del Mediterr\u00e1neo o las playas del Miracle, no hay mejor plan que una comida con vistas al puerto en restaurantes como <a href=\"https:\/\/laporketaserrallo.com\/ca\/\">La Porketa del Serrallo<\/a>.<\/p>\n<\/div>\n\n\n\n<ul class=\"wp-block-list\">\n<li><strong>Conoce los principales puntos tur\u00edsticos de la ciudad en <a href=\"https:\/\/www.tarragonaturisme.cat\/es\/10-esenciales-visitas-en-tarragona\" target=\"_blank\" rel=\"noopener\">Patrimoni Mundial Tarragona<\/a><\/strong>.<\/li>\n<\/ul>\n\n\n\n<h3 class=\"wp-block-heading\">Arroces para llevar, sabores para compartir<\/h3>\n\n\n\n<p>Tambi\u00e9n hay opciones para quienes prefieren disfrutar del arroz en casa o en la oficina. En La Porketa, el servicio <em>take-away<\/em> permite llevarse el arroz reci\u00e9n hecho en envases sostenibles, una opci\u00f3n ideal para almuerzos informales o celebraciones improvisadas.<\/p>\n\n\n\n<h2 class=\"wp-block-heading\">La cultura del arroz como motor de identidad<\/h2>\n\n\n\n<div class=\"wp-block-group is-nowrap is-layout-flex wp-container-core-group-is-layout-ad2f72ca wp-block-group-is-layout-flex\">\n<p>Los eventos gastron\u00f3micos en Tarragona no solo son una oportunidad para disfrutar de buena comida, sino tambi\u00e9n para preservar y difundir la cultura culinaria local. Cada arroz servido es una declaraci\u00f3n de amor al territorio, a la tradici\u00f3n y a la convivencia.<\/p>\n<\/div>\n\n\n\n<ul class=\"wp-block-list\">\n<li><strong>Recomendamos tambi\u00e9n explorar las rutas gastron\u00f3micas propuestas por <a href=\"https:\/\/gastroevents.cat\/gastroebre\" target=\"_blank\" rel=\"noopener\">GastroEvents Tarragona<\/a> para conocer otras propuestas culturales y culinarias centradas en el producto local.<\/strong><\/li>\n<\/ul>\n\n\n\n<h2 class=\"wp-block-heading\">Preguntas frecuentes (FAQs)<\/h2>\n\n\n\n<h3 class=\"wp-block-heading\">\u00bfQu\u00e9 tipos de arroces se pueden encontrar en los eventos gastron\u00f3micos de Tarragona?<\/h3>\n\n\n\n<div class=\"wp-block-group is-nowrap is-layout-flex wp-container-core-group-is-layout-ad2f72ca wp-block-group-is-layout-flex\">\n<p>Desde paellas tradicionales hasta arroces negros, melosos, de monta\u00f1a o de autor. Los chefs locales apuestan por la creatividad sin perder de vista las ra\u00edces mediterr\u00e1neas.<\/p>\n<\/div>\n\n\n\n<h3 class=\"wp-block-heading\">\u00bfQu\u00e9 otras actividades acompa\u00f1an a estos eventos gastron\u00f3micos?<\/h3>\n\n\n\n<p>Adem\u00e1s de las degustaciones, se suelen ofrecer catas de vinos, talleres para adultos y ni\u00f1os, m\u00fasica en directo y visitas guiadas que combinan cultura y gastronom\u00eda.<\/p>\n\n\n\n<h3 class=\"wp-block-heading\">\u00bfSon aptos estos eventos para el turismo internacional?<\/h3>\n\n\n\n<p>Absolutamente. Muchos eventos cuentan con material traducido y personal multiling\u00fce. Adem\u00e1s, suelen celebrarse en espacios c\u00e9ntricos o tur\u00edsticos, por lo que se integran f\u00e1cilmente en cualquier itinerario de viaje.<\/p>\n\n\n\n<h2 class=\"wp-block-heading\">Una ciudad que celebra el arroz con pasi\u00f3n<\/h2>\n\n\n\n<p>Tarragona ha sabido colocar el arroz en el centro de su propuesta gastron\u00f3mica, ofreciendo eventos bien organizados, restaurantes de calidad y un entorno que eleva la experiencia. Esta ciudad no solo invita a comer bien, sino a vivir con intensidad cada sabor ligado al mar y a su historia.<\/p>\n\n\n\n<div class=\"wp-block-group is-nowrap is-layout-flex wp-container-core-group-is-layout-ad2f72ca wp-block-group-is-layout-flex\">\n<p>Ubicado en uno de los epicentros gastron\u00f3micos emergentes de la ciudad, el puerto del Serrallo, <a href=\"https:\/\/laporketaserrallo.com\/ca\/\">La Porketa del Serrallo<\/a> es un restaurante de reciente apertura que apuesta por ofrecer una experiencia gastron\u00f3mica basada en el arroz mediterr\u00e1neo, el producto local y un ambiente cercano. Con una carta que combina tradici\u00f3n e innovaci\u00f3n, se suma a la oferta de calidad del barrio marinero y se presenta como una opci\u00f3n interesante para quienes desean descubrir nuevos sabores junto al mar. Con su cocina inspirada en los sabores del Mediterr\u00e1neo y un trato cercano, se ha convertido r\u00e1pidamente en una referencia para quienes desean experimentar el arroz desde la autenticidad y la innovaci\u00f3n, en un enclave con identidad propia.<\/p>\n<\/div>\n\n\n\n<p><strong>Si visitas Tarragona, no te pierdas nuestros eventos. Descubre c\u00f3mo el arroz puede ser el puente entre el mar, la tierra y el alma mediterr\u00e1nea.<\/strong> En <a href=\"https:\/\/laporketaserrallo.com\/ca\/\">La Porketa del Serrallo<\/a>, trabajamos cada d\u00eda para que cada plato de arroz cuente una historia: la de nuestras costas, nuestros mercados, nuestra gente.<\/p>\n\n\n\n<p><strong>Si visitas Tarragona, no te pierdas nuestros eventos. Descubre c\u00f3mo el arroz puede ser el puente entre el mar, la tierra y el alma mediterr\u00e1nea.<\/strong><\/p>\n\n\n\n<figure class=\"wp-block-image size-large\"><img loading=\"lazy\" decoding=\"async\" width=\"1024\" height=\"667\" src=\"https:\/\/laporketaserrallo.com\/wp-content\/uploads\/2025\/06\/WhatsApp-Image-2025-06-26-at-09.37.08-scaled-e1750925705517-1024x667.jpeg\" alt=\"eventos gastron\u00f3micos en Tarragona\" class=\"wp-image-1150\" srcset=\"https:\/\/laporketaserrallo.com\/wp-content\/uploads\/2025\/06\/WhatsApp-Image-2025-06-26-at-09.37.08-scaled-e1750925705517-980x551.jpeg 980w, https:\/\/laporketaserrallo.com\/wp-content\/uploads\/2025\/06\/WhatsApp-Image-2025-06-26-at-09.37.08-scaled-e1750925705517-480x270.jpeg 480w\" sizes=\"(min-width: 0px) and (max-width: 480px) 480px, (min-width: 481px) and (max-width: 980px) 980px, (min-width: 981px) 1024px, 100vw\" \/><\/figure>","protected":false},"excerpt":{"rendered":"<p>Tarragona, destino imprescindible para los amantes del arroz Tarragona, con su historia milenaria, su costa luminosa y su coraz\u00f3n mediterr\u00e1neo, se ha convertido en uno de los destinos gastron\u00f3micos m\u00e1s destacados de Catalu\u00f1a. En esta tierra donde el mar se mezcla con la cultura, los eventos gastron\u00f3micos dedicados al arroz tienen un papel protagonista. Durante [&hellip;]<\/p>\n","protected":false},"author":1,"featured_media":1147,"comment_status":"open","ping_status":"open","sticky":false,"template":"","format":"standard","meta":{"_acf_changed":false,"_et_pb_use_builder":"off","_et_pb_old_content":"","_et_gb_content_width":"","footnotes":""},"categories":[1],"tags":[],"dipi_cpt_category":[],"class_list":["post-1145","post","type-post","status-publish","format-standard","has-post-thumbnail","hentry","category-uncategorized"],"acf":[],"yoast_head":"<!-- This site is optimized with the Yoast SEO plugin v27.4 - https:\/\/yoast.com\/product\/yoast-seo-wordpress\/ -->\n<title>Eventos Gastron\u00f3micos en Tarragona: Celebrando la Cultura del Arroz Mediterr\u00e1neo - La Porketa<\/title>\n<meta name=\"robots\" content=\"index, follow, max-snippet:-1, max-image-preview:large, max-video-preview:-1\" \/>\n<link rel=\"canonical\" href=\"https:\/\/laporketaserrallo.com\/ca\/eventos-gastronomicos-tarragona\/\" \/>\n<meta property=\"og:locale\" content=\"ca_ES\" \/>\n<meta property=\"og:type\" content=\"article\" \/>\n<meta property=\"og:title\" content=\"Eventos Gastron\u00f3micos en Tarragona: Celebrando la Cultura del Arroz Mediterr\u00e1neo - La Porketa\" \/>\n<meta property=\"og:description\" content=\"Tarragona, destino imprescindible para los amantes del arroz Tarragona, con su historia milenaria, su costa luminosa y su coraz\u00f3n mediterr\u00e1neo, se ha convertido en uno de los destinos gastron\u00f3micos m\u00e1s destacados de Catalu\u00f1a. En esta tierra donde el mar se mezcla con la cultura, los eventos gastron\u00f3micos dedicados al arroz tienen un papel protagonista. Durante [&hellip;]\" \/>\n<meta property=\"og:url\" content=\"https:\/\/laporketaserrallo.com\/ca\/wp-json\/wp\/v2\/posts\/1145\" \/>\n<meta property=\"og:site_name\" content=\"La Porketa\" \/>\n<meta property=\"article:published_time\" content=\"2025-06-26T08:16:15+00:00\" \/>\n<meta property=\"article:modified_time\" content=\"2025-06-26T08:16:20+00:00\" \/>\n<meta property=\"og:image\" content=\"https:\/\/laporketaserrallo.com\/wp-content\/uploads\/2025\/06\/WhatsApp-Image-2025-06-26-at-09.38.40-scaled-e1750923555872.jpeg\" \/>\n\t<meta property=\"og:image:width\" content=\"1920\" \/>\n\t<meta property=\"og:image:height\" content=\"1340\" \/>\n\t<meta property=\"og:image:type\" content=\"image\/jpeg\" \/>\n<meta name=\"author\" content=\"admin\" \/>\n<meta name=\"twitter:card\" content=\"summary_large_image\" \/>\n<meta name=\"twitter:label1\" content=\"Escrit per\" \/>\n\t<meta name=\"twitter:data1\" content=\"admin\" \/>\n\t<meta name=\"twitter:label2\" content=\"Temps estimat de lectura\" \/>\n\t<meta name=\"twitter:data2\" content=\"6 minuts\" \/>\n<script type=\"application\/ld+json\" class=\"yoast-schema-graph\">{\"@context\":\"https:\\\/\\\/schema.org\",\"@graph\":[{\"@type\":\"Article\",\"@id\":\"https:\\\/\\\/laporketaserrallo.com\\\/eventos-gastronomicos-tarragona\\\/#article\",\"isPartOf\":{\"@id\":\"https:\\\/\\\/laporketaserrallo.com\\\/eventos-gastronomicos-tarragona\\\/\"},\"author\":{\"name\":\"admin\",\"@id\":\"https:\\\/\\\/laporketaserrallo.com\\\/#\\\/schema\\\/person\\\/0e10bba6b662fbf258aced50e9e5077f\"},\"headline\":\"Eventos Gastron\u00f3micos en Tarragona: Celebrando la Cultura del Arroz Mediterr\u00e1neo\",\"datePublished\":\"2025-06-26T08:16:15+00:00\",\"dateModified\":\"2025-06-26T08:16:20+00:00\",\"mainEntityOfPage\":{\"@id\":\"https:\\\/\\\/laporketaserrallo.com\\\/eventos-gastronomicos-tarragona\\\/\"},\"wordCount\":1006,\"commentCount\":0,\"image\":{\"@id\":\"https:\\\/\\\/laporketaserrallo.com\\\/eventos-gastronomicos-tarragona\\\/#primaryimage\"},\"thumbnailUrl\":\"https:\\\/\\\/laporketaserrallo.com\\\/wp-content\\\/uploads\\\/2025\\\/06\\\/WhatsApp-Image-2025-06-26-at-09.38.40-scaled-e1750923555872.jpeg\",\"articleSection\":[\"Uncategorized\"],\"inLanguage\":\"ca\",\"potentialAction\":[{\"@type\":\"CommentAction\",\"name\":\"Comment\",\"target\":[\"https:\\\/\\\/laporketaserrallo.com\\\/eventos-gastronomicos-tarragona\\\/#respond\"]}]},{\"@type\":\"WebPage\",\"@id\":\"https:\\\/\\\/laporketaserrallo.com\\\/eventos-gastronomicos-tarragona\\\/\",\"url\":\"https:\\\/\\\/laporketaserrallo.com\\\/eventos-gastronomicos-tarragona\\\/\",\"name\":\"Eventos Gastron\u00f3micos en Tarragona: Celebrando la Cultura del Arroz Mediterr\u00e1neo - La Porketa\",\"isPartOf\":{\"@id\":\"https:\\\/\\\/laporketaserrallo.com\\\/#website\"},\"primaryImageOfPage\":{\"@id\":\"https:\\\/\\\/laporketaserrallo.com\\\/eventos-gastronomicos-tarragona\\\/#primaryimage\"},\"image\":{\"@id\":\"https:\\\/\\\/laporketaserrallo.com\\\/eventos-gastronomicos-tarragona\\\/#primaryimage\"},\"thumbnailUrl\":\"https:\\\/\\\/laporketaserrallo.com\\\/wp-content\\\/uploads\\\/2025\\\/06\\\/WhatsApp-Image-2025-06-26-at-09.38.40-scaled-e1750923555872.jpeg\",\"datePublished\":\"2025-06-26T08:16:15+00:00\",\"dateModified\":\"2025-06-26T08:16:20+00:00\",\"author\":{\"@id\":\"https:\\\/\\\/laporketaserrallo.com\\\/#\\\/schema\\\/person\\\/0e10bba6b662fbf258aced50e9e5077f\"},\"breadcrumb\":{\"@id\":\"https:\\\/\\\/laporketaserrallo.com\\\/eventos-gastronomicos-tarragona\\\/#breadcrumb\"},\"inLanguage\":\"ca\",\"potentialAction\":[{\"@type\":\"ReadAction\",\"target\":[\"https:\\\/\\\/laporketaserrallo.com\\\/eventos-gastronomicos-tarragona\\\/\"]}]},{\"@type\":\"ImageObject\",\"inLanguage\":\"ca\",\"@id\":\"https:\\\/\\\/laporketaserrallo.com\\\/eventos-gastronomicos-tarragona\\\/#primaryimage\",\"url\":\"https:\\\/\\\/laporketaserrallo.com\\\/wp-content\\\/uploads\\\/2025\\\/06\\\/WhatsApp-Image-2025-06-26-at-09.38.40-scaled-e1750923555872.jpeg\",\"contentUrl\":\"https:\\\/\\\/laporketaserrallo.com\\\/wp-content\\\/uploads\\\/2025\\\/06\\\/WhatsApp-Image-2025-06-26-at-09.38.40-scaled-e1750923555872.jpeg\",\"width\":1920,\"height\":1340,\"caption\":\"eventos gastron\u00f3micos en Tarragona\"},{\"@type\":\"BreadcrumbList\",\"@id\":\"https:\\\/\\\/laporketaserrallo.com\\\/eventos-gastronomicos-tarragona\\\/#breadcrumb\",\"itemListElement\":[{\"@type\":\"ListItem\",\"position\":1,\"name\":\"Portada\",\"item\":\"https:\\\/\\\/laporketaserrallo.com\\\/\"},{\"@type\":\"ListItem\",\"position\":2,\"name\":\"Eventos Gastron\u00f3micos en Tarragona: Celebrando la Cultura del Arroz Mediterr\u00e1neo\"}]},{\"@type\":\"WebSite\",\"@id\":\"https:\\\/\\\/laporketaserrallo.com\\\/#website\",\"url\":\"https:\\\/\\\/laporketaserrallo.com\\\/\",\"name\":\"La Porketa\",\"description\":\"Arrosseria del mar\",\"potentialAction\":[{\"@type\":\"SearchAction\",\"target\":{\"@type\":\"EntryPoint\",\"urlTemplate\":\"https:\\\/\\\/laporketaserrallo.com\\\/?s={search_term_string}\"},\"query-input\":{\"@type\":\"PropertyValueSpecification\",\"valueRequired\":true,\"valueName\":\"search_term_string\"}}],\"inLanguage\":\"ca\"},{\"@type\":\"Person\",\"@id\":\"https:\\\/\\\/laporketaserrallo.com\\\/#\\\/schema\\\/person\\\/0e10bba6b662fbf258aced50e9e5077f\",\"name\":\"admin\",\"image\":{\"@type\":\"ImageObject\",\"inLanguage\":\"ca\",\"@id\":\"https:\\\/\\\/secure.gravatar.com\\\/avatar\\\/1bba219de583fadfcda786fb99238e11dad543d801defd00a1bac9dbe57425b6?s=96&d=mm&r=g\",\"url\":\"https:\\\/\\\/secure.gravatar.com\\\/avatar\\\/1bba219de583fadfcda786fb99238e11dad543d801defd00a1bac9dbe57425b6?s=96&d=mm&r=g\",\"contentUrl\":\"https:\\\/\\\/secure.gravatar.com\\\/avatar\\\/1bba219de583fadfcda786fb99238e11dad543d801defd00a1bac9dbe57425b6?s=96&d=mm&r=g\",\"caption\":\"admin\"},\"sameAs\":[\"https:\\\/\\\/laughing-turing.82-223-217-119.plesk.page\"],\"url\":\"https:\\\/\\\/laporketaserrallo.com\\\/ca\\\/author\\\/factor360\\\/\"}]}<\/script>\n<!-- \/ Yoast SEO plugin. -->","yoast_head_json":{"title":"Eventos Gastron\u00f3micos en Tarragona: Celebrando la Cultura del Arroz Mediterr\u00e1neo - La Porketa","robots":{"index":"index","follow":"follow","max-snippet":"max-snippet:-1","max-image-preview":"max-image-preview:large","max-video-preview":"max-video-preview:-1"},"canonical":"https:\/\/laporketaserrallo.com\/ca\/eventos-gastronomicos-tarragona\/","og_locale":"ca_ES","og_type":"article","og_title":"Eventos Gastron\u00f3micos en Tarragona: Celebrando la Cultura del Arroz Mediterr\u00e1neo - La Porketa","og_description":"Tarragona, destino imprescindible para los amantes del arroz Tarragona, con su historia milenaria, su costa luminosa y su coraz\u00f3n mediterr\u00e1neo, se ha convertido en uno de los destinos gastron\u00f3micos m\u00e1s destacados de Catalu\u00f1a. En esta tierra donde el mar se mezcla con la cultura, los eventos gastron\u00f3micos dedicados al arroz tienen un papel protagonista. Durante [&hellip;]","og_url":"https:\/\/laporketaserrallo.com\/ca\/wp-json\/wp\/v2\/posts\/1145","og_site_name":"La Porketa","article_published_time":"2025-06-26T08:16:15+00:00","article_modified_time":"2025-06-26T08:16:20+00:00","og_image":[{"width":1920,"height":1340,"url":"https:\/\/laporketaserrallo.com\/wp-content\/uploads\/2025\/06\/WhatsApp-Image-2025-06-26-at-09.38.40-scaled-e1750923555872.jpeg","type":"image\/jpeg"}],"author":"admin","twitter_card":"summary_large_image","twitter_misc":{"Escrit per":"admin","Temps estimat de lectura":"6 minuts"},"schema":{"@context":"https:\/\/schema.org","@graph":[{"@type":"Article","@id":"https:\/\/laporketaserrallo.com\/eventos-gastronomicos-tarragona\/#article","isPartOf":{"@id":"https:\/\/laporketaserrallo.com\/eventos-gastronomicos-tarragona\/"},"author":{"name":"admin","@id":"https:\/\/laporketaserrallo.com\/#\/schema\/person\/0e10bba6b662fbf258aced50e9e5077f"},"headline":"Eventos Gastron\u00f3micos en Tarragona: Celebrando la Cultura del Arroz Mediterr\u00e1neo","datePublished":"2025-06-26T08:16:15+00:00","dateModified":"2025-06-26T08:16:20+00:00","mainEntityOfPage":{"@id":"https:\/\/laporketaserrallo.com\/eventos-gastronomicos-tarragona\/"},"wordCount":1006,"commentCount":0,"image":{"@id":"https:\/\/laporketaserrallo.com\/eventos-gastronomicos-tarragona\/#primaryimage"},"thumbnailUrl":"https:\/\/laporketaserrallo.com\/wp-content\/uploads\/2025\/06\/WhatsApp-Image-2025-06-26-at-09.38.40-scaled-e1750923555872.jpeg","articleSection":["Uncategorized"],"inLanguage":"ca","potentialAction":[{"@type":"CommentAction","name":"Comment","target":["https:\/\/laporketaserrallo.com\/eventos-gastronomicos-tarragona\/#respond"]}]},{"@type":"WebPage","@id":"https:\/\/laporketaserrallo.com\/eventos-gastronomicos-tarragona\/","url":"https:\/\/laporketaserrallo.com\/eventos-gastronomicos-tarragona\/","name":"Eventos Gastron\u00f3micos en Tarragona: Celebrando la Cultura del Arroz Mediterr\u00e1neo - La Porketa","isPartOf":{"@id":"https:\/\/laporketaserrallo.com\/#website"},"primaryImageOfPage":{"@id":"https:\/\/laporketaserrallo.com\/eventos-gastronomicos-tarragona\/#primaryimage"},"image":{"@id":"https:\/\/laporketaserrallo.com\/eventos-gastronomicos-tarragona\/#primaryimage"},"thumbnailUrl":"https:\/\/laporketaserrallo.com\/wp-content\/uploads\/2025\/06\/WhatsApp-Image-2025-06-26-at-09.38.40-scaled-e1750923555872.jpeg","datePublished":"2025-06-26T08:16:15+00:00","dateModified":"2025-06-26T08:16:20+00:00","author":{"@id":"https:\/\/laporketaserrallo.com\/#\/schema\/person\/0e10bba6b662fbf258aced50e9e5077f"},"breadcrumb":{"@id":"https:\/\/laporketaserrallo.com\/eventos-gastronomicos-tarragona\/#breadcrumb"},"inLanguage":"ca","potentialAction":[{"@type":"ReadAction","target":["https:\/\/laporketaserrallo.com\/eventos-gastronomicos-tarragona\/"]}]},{"@type":"ImageObject","inLanguage":"ca","@id":"https:\/\/laporketaserrallo.com\/eventos-gastronomicos-tarragona\/#primaryimage","url":"https:\/\/laporketaserrallo.com\/wp-content\/uploads\/2025\/06\/WhatsApp-Image-2025-06-26-at-09.38.40-scaled-e1750923555872.jpeg","contentUrl":"https:\/\/laporketaserrallo.com\/wp-content\/uploads\/2025\/06\/WhatsApp-Image-2025-06-26-at-09.38.40-scaled-e1750923555872.jpeg","width":1920,"height":1340,"caption":"eventos gastron\u00f3micos en Tarragona"},{"@type":"BreadcrumbList","@id":"https:\/\/laporketaserrallo.com\/eventos-gastronomicos-tarragona\/#breadcrumb","itemListElement":[{"@type":"ListItem","position":1,"name":"Portada","item":"https:\/\/laporketaserrallo.com\/"},{"@type":"ListItem","position":2,"name":"Eventos Gastron\u00f3micos en Tarragona: Celebrando la Cultura del Arroz Mediterr\u00e1neo"}]},{"@type":"WebSite","@id":"https:\/\/laporketaserrallo.com\/#website","url":"https:\/\/laporketaserrallo.com\/","name":"La Porketa","description":"Arrosseria del mar","potentialAction":[{"@type":"SearchAction","target":{"@type":"EntryPoint","urlTemplate":"https:\/\/laporketaserrallo.com\/?s={search_term_string}"},"query-input":{"@type":"PropertyValueSpecification","valueRequired":true,"valueName":"search_term_string"}}],"inLanguage":"ca"},{"@type":"Person","@id":"https:\/\/laporketaserrallo.com\/#\/schema\/person\/0e10bba6b662fbf258aced50e9e5077f","name":"admin","image":{"@type":"ImageObject","inLanguage":"ca","@id":"https:\/\/secure.gravatar.com\/avatar\/1bba219de583fadfcda786fb99238e11dad543d801defd00a1bac9dbe57425b6?s=96&d=mm&r=g","url":"https:\/\/secure.gravatar.com\/avatar\/1bba219de583fadfcda786fb99238e11dad543d801defd00a1bac9dbe57425b6?s=96&d=mm&r=g","contentUrl":"https:\/\/secure.gravatar.com\/avatar\/1bba219de583fadfcda786fb99238e11dad543d801defd00a1bac9dbe57425b6?s=96&d=mm&r=g","caption":"admin"},"sameAs":["https:\/\/laughing-turing.82-223-217-119.plesk.page"],"url":"https:\/\/laporketaserrallo.com\/ca\/author\/factor360\/"}]}},"_links":{"self":[{"href":"https:\/\/laporketaserrallo.com\/ca\/wp-json\/wp\/v2\/posts\/1145","targetHints":{"allow":["GET"]}}],"collection":[{"href":"https:\/\/laporketaserrallo.com\/ca\/wp-json\/wp\/v2\/posts"}],"about":[{"href":"https:\/\/laporketaserrallo.com\/ca\/wp-json\/wp\/v2\/types\/post"}],"author":[{"embeddable":true,"href":"https:\/\/laporketaserrallo.com\/ca\/wp-json\/wp\/v2\/users\/1"}],"replies":[{"embeddable":true,"href":"https:\/\/laporketaserrallo.com\/ca\/wp-json\/wp\/v2\/comments?post=1145"}],"version-history":[{"count":1,"href":"https:\/\/laporketaserrallo.com\/ca\/wp-json\/wp\/v2\/posts\/1145\/revisions"}],"predecessor-version":[{"id":1151,"href":"https:\/\/laporketaserrallo.com\/ca\/wp-json\/wp\/v2\/posts\/1145\/revisions\/1151"}],"wp:featuredmedia":[{"embeddable":true,"href":"https:\/\/laporketaserrallo.com\/ca\/wp-json\/wp\/v2\/media\/1147"}],"wp:attachment":[{"href":"https:\/\/laporketaserrallo.com\/ca\/wp-json\/wp\/v2\/media?parent=1145"}],"wp:term":[{"taxonomy":"category","embeddable":true,"href":"https:\/\/laporketaserrallo.com\/ca\/wp-json\/wp\/v2\/categories?post=1145"},{"taxonomy":"post_tag","embeddable":true,"href":"https:\/\/laporketaserrallo.com\/ca\/wp-json\/wp\/v2\/tags?post=1145"},{"taxonomy":"dipi_cpt_category","embeddable":true,"href":"https:\/\/laporketaserrallo.com\/ca\/wp-json\/wp\/v2\/dipi_cpt_category?post=1145"}],"curies":[{"name":"wp","href":"https:\/\/api.w.org\/{rel}","templated":true}]}}